{"id":19708,"date":"2019-09-06T14:07:55","date_gmt":"2019-09-06T12:07:55","guid":{"rendered":"https:\/\/oafifoundation.com\/?p=19708"},"modified":"2023-05-11T18:42:32","modified_gmt":"2023-05-11T16:42:32","slug":"el-pacient-amb-artrosi-al-centre-de-la-malaltia","status":"publish","type":"post","link":"https:\/\/www.oafifoundation.com\/ca\/el-pacient-amb-artrosi-al-centre-de-la-malaltia\/","title":{"rendered":"El Pacient amb\u00a0Artrosi al centre de la malaltia"},"content":{"rendered":"<p>Des de la Fundaci\u00f3\u00a0OAFI\u00a0anunciem la celebraci\u00f3 de la jornada\u00a0Pre\u00a0Congr\u00e9s <strong>\u201cOsteoarthritis Patient in the center of the disease\u201d<\/strong>\u00a0( \u201cEl Pacient amb\u00a0Artrosi al centre de la malaltia\u201d ), que se celebrar\u00e0 a l&#8217;Auditori\u00a0AXA\u00a0(Barcelona) <strong>el dia 2 d&#8217;octubre de 2019<\/strong>.<\/p>\n<p>Aquest esdeveniment, que organitzem el dia previ a la inauguraci\u00f3 del <strong>III Congr\u00e9s Internacional de Pacients amb\u00a0Artrosi<\/strong>, va dirigit a professionals del sector m\u00e8dic i empreses, i t\u00e9 com a objectiu promoure la recerca de les malalties\u00a0musculoesquel\u00e8tiques i presentar les ajudes p\u00fabliques europees i nacionals disponibles per a l&#8217;entorn empresarial, centres de recerca, universitats i centres m\u00e8dics.<\/p>\n<p>Per aquest motiu, en la jornada participaran experts d&#8217;organismes rellevants, que ens explicaran quines s\u00f3n les estrat\u00e8gies i programes actuals de les institucions sanit\u00e0ries i com podem beneficiar-nos de les ajudes p\u00fabliques disponibles, col\u00b7laborant amb els pacients d&#8217;OAFI\u00a0amb la intenci\u00f3 de <strong>col\u00b7locar al pacient en el centre de tot<\/strong>.<\/p>\n<p>Es tractaran temes com: l&#8217;I+D+i, el finan\u00e7ament en l&#8217;\u00e0rea musculoesquel\u00e8tica, el paper de l&#8217;OAFI en el desenvolupament i la recerca, etc.<\/p>\n<p>Ser\u00e0 una Jornada de coneixement i innovaci\u00f3 per treballar conjuntament en la <strong>millora de la qualitat de vida dels pacients amb\u00a0artrosi<\/strong>.<\/p>\n<p><strong><span style=\"color: #339966;\"><a style=\"color: #339966;\" href=\"https:\/\/www.oafifoundation.com\/wp-content\/uploads\/2019\/09\/agenda-pre-congress-oafi-2019.pdf\">PRE-CONGRESS AGENDA<\/a><\/span><\/strong><\/p>\n","protected":false},"excerpt":{"rendered":"<p>Des de la Fundaci\u00f3\u00a0OAFI\u00a0anunciem la celebraci\u00f3 de la jornada\u00a0Pre\u00a0Congr\u00e9s \u201cOsteoarthritis Patient in the center of the disease\u201d\u00a0( \u201cEl Pacient amb\u00a0Artrosi al centre de la malaltia\u201d ), que se celebrar\u00e0 a l&#8217;Auditori\u00a0AXA\u00a0(Barcelona) el dia 2 d&#8217;octubre de 2019. Aquest esdeveniment, que organitzem el dia previ a la inauguraci\u00f3 del III Congr\u00e9s Internacional de Pacients amb\u00a0Artrosi, va [&hellip;]<\/p>\n","protected":false},"author":1,"featured_media":30143,"comment_status":"closed","ping_status":"closed","sticky":false,"template":"","format":"standard","meta":{"footnotes":""},"categories":[1285],"tags":[],"class_list":["post-19708","post","type-post","status-publish","format-standard","has-post-thumbnail","hentry","category-blog"],"_links":{"self":[{"href":"https:\/\/www.oafifoundation.com\/ca\/wp-json\/wp\/v2\/posts\/19708","targetHints":{"allow":["GET"]}}],"collection":[{"href":"https:\/\/www.oafifoundation.com\/ca\/wp-json\/wp\/v2\/posts"}],"about":[{"href":"https:\/\/www.oafifoundation.com\/ca\/wp-json\/wp\/v2\/types\/post"}],"author":[{"embeddable":true,"href":"https:\/\/www.oafifoundation.com\/ca\/wp-json\/wp\/v2\/users\/1"}],"replies":[{"embeddable":true,"href":"https:\/\/www.oafifoundation.com\/ca\/wp-json\/wp\/v2\/comments?post=19708"}],"version-history":[{"count":2,"href":"https:\/\/www.oafifoundation.com\/ca\/wp-json\/wp\/v2\/posts\/19708\/revisions"}],"predecessor-version":[{"id":32157,"href":"https:\/\/www.oafifoundation.com\/ca\/wp-json\/wp\/v2\/posts\/19708\/revisions\/32157"}],"wp:featuredmedia":[{"embeddable":true,"href":"https:\/\/www.oafifoundation.com\/ca\/wp-json\/wp\/v2\/media\/30143"}],"wp:attachment":[{"href":"https:\/\/www.oafifoundation.com\/ca\/wp-json\/wp\/v2\/media?parent=19708"}],"wp:term":[{"taxonomy":"category","embeddable":true,"href":"https:\/\/www.oafifoundation.com\/ca\/wp-json\/wp\/v2\/categories?post=19708"},{"taxonomy":"post_tag","embeddable":true,"href":"https:\/\/www.oafifoundation.com\/ca\/wp-json\/wp\/v2\/tags?post=19708"}],"curies":[{"name":"wp","href":"https:\/\/api.w.org\/{rel}","templated":true}]}}