{"id":23368,"date":"2021-04-21T09:59:35","date_gmt":"2021-04-21T07:59:35","guid":{"rendered":"https:\/\/www.oafifoundation.com\/?p=23368"},"modified":"2023-05-11T18:15:17","modified_gmt":"2023-05-11T16:15:17","slug":"la-societat-espanyola-de-reumatologia-aconsella-vacunar-se-enfront-la-covid-19-amb-qualsevol-vacuna-disponible","status":"publish","type":"post","link":"https:\/\/www.oafifoundation.com\/ca\/la-societat-espanyola-de-reumatologia-aconsella-vacunar-se-enfront-la-covid-19-amb-qualsevol-vacuna-disponible\/","title":{"rendered":"La Societat Espanyola de Reumatologia aconsella vacunar-se contra la Covid-19 amb qualsevol vacuna disponible"},"content":{"rendered":"\n<p>La Societat Espanyola de Reumatologia (SER) ha volgut aclarir alguns dubtes sobre la vacunaci\u00f3 contra la COVID-19 aprofitant el 2n Congr\u00e9s Nacional Multidisciplinari de COVID-19 de les Societats Cient\u00edfiques, que es va celebrar la passada setmana del 12 al 16 d\u2019abril.<\/p>\n\n\n\n<p><\/p>\n\n\n\n<p>El Dr. Jos\u00e9 M\u00aa \u00c1lvaro-Gracia, president de la SER i cap de servei d\u2019aquesta especialitat a l\u2019Hospital Gregorio Mara\u00f1\u00f3n, va afirmar que \u201ctotes les vacunes disponibles tenen nivells adequats d\u2019efic\u00e0cia i seguretat\u201d, i que \u201cel possible risc d\u2019efectes adversos \u00e9s molt inferior al de desenvolupar COVID greu, i per aix\u00f2 es recomana la vacunaci\u00f3 amb AstraZeneca (llevat de possibles situacions molt espec\u00edfiques com una hist\u00f2ria de trombop\u00e8nia per heparina)\u201d. Segons el Dr. \u00c1lvaro-Gracia, es pot contemplar el retard temporal d\u2019una o diverses dosis en cas que el pacient estigui rebent una ter\u00e0pia immunosupressora, tanmateix, si l\u2019espera no \u00e9s factible, \u00e9s aconsellable la vacunaci\u00f3 tot i aquest altre tractament.<\/p>\n\n\n\n<p><\/p>\n\n\n\n<p>Aix\u00ed, la SER animava a tots els pacients reum\u00e0tics a vacunar-se amb qualsevol vacuna disponible, al\u00b7legant que el pron\u00f2stic de la COVID-19 dep\u00e8n de m\u00e9s factors generals (edat, sexe i comorbiditats) que dels tractaments espec\u00edfics o les malalties.<\/p>\n\n\n\n<p><\/p>\n\n\n\n<p>A la Fundaci\u00f3 OAFI coincidim amb la Societat Espanyola de Reumatologia i vol\u00edem aprofitar aquest moment per a mostrar el nostre acord i animar als nostres pacients i voluntaris a vacunar-se, tenint en compte tot el que s\u2019ha explicat anteriorment sobre la seguretat i efic\u00e0cia de totes les vacunes que s\u2019administren al nostre pa\u00eds.<\/p>\n\n\n\n<p><\/p>\n\n\n\n<p>A continuaci\u00f3, us compartim un programa d\u2019OAFI R\u00e0dio dedicat a respondre a alguns dubtes i desmuntar not\u00edcies falses relacionades amb les vacunes. Un programa fet amb rigor on trobar\u00e0s l\u2019opini\u00f3 d\u2019especialistes de primer nivell en aquest \u00e0mbit, a m\u00e9s de testimonis de persones que s\u2019han vacunat o estaven a punt de fer-ho:<\/p>\n\n\n\n<p><\/p>\n\n\n\n<p><strong>OAFI Radio: Vacunas del COVID-19: Que nadie te enga\u00f1e<\/strong><\/p>\n\n\n\n<figure class=\"wp-block-embed is-type-video is-provider-youtube wp-block-embed-youtube wp-embed-aspect-16-9 wp-has-aspect-ratio\"><div class=\"wp-block-embed__wrapper\">\n<iframe title=\"VACUNAS DEL COVID: QUE NADIE TE ENGA\u00d1E\" width=\"1180\" height=\"664\" src=\"https:\/\/www.youtube.com\/embed\/csKlD7LNEHI?feature=oembed\" frameborder=\"0\" allow=\"accelerometer; autoplay; clipboard-write; encrypted-media; gyroscope; picture-in-picture; web-share\" allowfullscreen><\/iframe>\n<\/div><\/figure>\n\n\n\n<p><\/p>\n\n\n\n<p>Enlla\u00e7 a la nota de premsa de la Societat Espanyola de Reumatologia:<\/p>\n\n\n\n<p><a href=\"https:\/\/www.ser.es\/reumatologos-aconsejan-vacunarse-frente-a-la-covid-19-con-cualquier-vacuna-disponible\/\" target=\"_blank\" rel=\"noopener\">https:\/\/www.ser.es\/reumatologos-aconsejan-vacunarse-frente-a-la-covid-19-con-cualquier-vacuna-disponible\/<\/a><\/p>\n","protected":false},"excerpt":{"rendered":"<p>La Societat Espanyola de Reumatologia (SER) ha volgut aclarir alguns dubtes sobre la vacunaci\u00f3 contra la COVID-19 aprofitant el 2n Congr\u00e9s Nacional Multidisciplinari de COVID-19 de les Societats Cient\u00edfiques, que es va celebrar la passada setmana del 12 al 16 d\u2019abril. El Dr. Jos\u00e9 M\u00aa \u00c1lvaro-Gracia, president de la SER i cap de servei d\u2019aquesta [&hellip;]<\/p>\n","protected":false},"author":1,"featured_media":30345,"comment_status":"open","ping_status":"open","sticky":false,"template":"","format":"standard","meta":{"footnotes":""},"categories":[1285],"tags":[],"class_list":["post-23368","post","type-post","status-publish","format-standard","has-post-thumbnail","hentry","category-blog"],"_links":{"self":[{"href":"https:\/\/www.oafifoundation.com\/ca\/wp-json\/wp\/v2\/posts\/23368","targetHints":{"allow":["GET"]}}],"collection":[{"href":"https:\/\/www.oafifoundation.com\/ca\/wp-json\/wp\/v2\/posts"}],"about":[{"href":"https:\/\/www.oafifoundation.com\/ca\/wp-json\/wp\/v2\/types\/post"}],"author":[{"embeddable":true,"href":"https:\/\/www.oafifoundation.com\/ca\/wp-json\/wp\/v2\/users\/1"}],"replies":[{"embeddable":true,"href":"https:\/\/www.oafifoundation.com\/ca\/wp-json\/wp\/v2\/comments?post=23368"}],"version-history":[{"count":2,"href":"https:\/\/www.oafifoundation.com\/ca\/wp-json\/wp\/v2\/posts\/23368\/revisions"}],"predecessor-version":[{"id":32083,"href":"https:\/\/www.oafifoundation.com\/ca\/wp-json\/wp\/v2\/posts\/23368\/revisions\/32083"}],"wp:featuredmedia":[{"embeddable":true,"href":"https:\/\/www.oafifoundation.com\/ca\/wp-json\/wp\/v2\/media\/30345"}],"wp:attachment":[{"href":"https:\/\/www.oafifoundation.com\/ca\/wp-json\/wp\/v2\/media?parent=23368"}],"wp:term":[{"taxonomy":"category","embeddable":true,"href":"https:\/\/www.oafifoundation.com\/ca\/wp-json\/wp\/v2\/categories?post=23368"},{"taxonomy":"post_tag","embeddable":true,"href":"https:\/\/www.oafifoundation.com\/ca\/wp-json\/wp\/v2\/tags?post=23368"}],"curies":[{"name":"wp","href":"https:\/\/api.w.org\/{rel}","templated":true}]}}