{"id":23848,"date":"2021-07-08T12:36:39","date_gmt":"2021-07-08T10:36:39","guid":{"rendered":"https:\/\/www.oafifoundation.com\/?p=23848"},"modified":"2023-05-11T18:30:03","modified_gmt":"2023-05-11T16:30:03","slug":"pacients-i-experts-coincideixen-la-vitamina-d-ha-de-ser-inclosa-en-les-analisis-datencio-primaria","status":"publish","type":"post","link":"https:\/\/www.oafifoundation.com\/ca\/pacients-i-experts-coincideixen-la-vitamina-d-ha-de-ser-inclosa-en-les-analisis-datencio-primaria\/","title":{"rendered":"Pacients i experts coincideixen: la vitamina D ha de ser inclosa en les an\u00e0lisis d&#8217;Atenci\u00f3 Prim\u00e0ria"},"content":{"rendered":"\n<p>L\u2019 <em>Asociaci\u00f3n Nacional de Informadores de la Salud<\/em> (ANIS), juntament amb<em> <\/em><em>Agencia Ra\u00edz<\/em>, va organitzar el passat 29 de juny el debat \u201cVitamina D: controv\u00e8rsies i evid\u00e8ncies 2021\u201d, en el qual es va parlar sobre la repercussi\u00f3 de la vitamina D en la poblaci\u00f3 i els pacients amb osteoporosis.<\/p>\n\n\n\n<p>Amb convidats experts en el sector com el Dr. Francisco L\u00f3pez Medrano, metge de l&#8217;Hospital Universitari 12 d&#8217;Octubre, Xavi Granda, periodista especialitzat en salut i Carmen S\u00e1nchez, tresorera de AECOSAR, es va fer evident la <strong>necessitat de donar m\u00e9s import\u00e0ncia a aquesta hormona en l&#8217;atenci\u00f3 prim\u00e0ria actual<\/strong>.<\/p>\n\n\n\n<figure class=\"wp-block-image size-full\"><img fetchpriority=\"high\" decoding=\"async\" width=\"1024\" height=\"768\" src=\"https:\/\/www.oafifoundation.com\/wp-content\/uploads\/2021\/07\/debate-anis.jpg\" alt=\"Debate\" class=\"wp-image-30381\" srcset=\"https:\/\/www.oafifoundation.com\/wp-content\/uploads\/2021\/07\/debate-anis.jpg 1024w, https:\/\/www.oafifoundation.com\/wp-content\/uploads\/2021\/07\/debate-anis-300x225.jpg 300w, https:\/\/www.oafifoundation.com\/wp-content\/uploads\/2021\/07\/debate-anis-768x576.jpg 768w, https:\/\/www.oafifoundation.com\/wp-content\/uploads\/2021\/07\/debate-anis-600x450.jpg 600w\" sizes=\"(max-width: 1024px) 100vw, 1024px\" \/><\/figure>\n\n\n\n<p><strong>Qu\u00e8 \u00e9s la vitamina D?<\/strong><\/p>\n\n\n\n<p>Encara que el seu nom ens pugui crear una confusi\u00f3, la vitamina D no \u00e9s una vitamina, sin\u00f3 una hormona. Les vitamines s\u00f3n subst\u00e0ncies que prenem de l&#8217;exterior at\u00e8s que l&#8217;organisme no pot sintetitzar-les; no obstant aix\u00f2, la vitamina D s\u00ed que se sintetitza a trav\u00e9s de fonts com els raigs solars. Per aix\u00f2, \u00e9s fonamental l&#8217;exposici\u00f3 solar per a una correcta sintetitzaci\u00f3 i, en cas que estiguem exposats a poques hores de sol, s\u00f3n necessaris els suplements de manera fisiol\u00f2gica.<\/p>\n\n\n\n<p>\u00c9s important tamb\u00e9 diferenciar els diferents tipus de mol\u00e8cules que formen la vitamina D: el <strong>colecalciferol<\/strong>, que es troba en els aliments i se sintetitza en la pell pels raigs del sol, i el calcidiol o calcifediol, forma interm\u00e8dia que se sintetitza en el fetge.<\/p>\n\n\n\n<p><\/p>\n\n\n\n<p><strong>La import\u00e0ncia de la lletra petita<\/strong><\/p>\n\n\n\n<p>A Espanya es comercialitzen tant colecalciferol com calcidiol i, encara que les dues formin part de la vitamina D, no es poden utilitzar com a equivalents. El calcidiol, per exemple, produeix un augment m\u00e9s r\u00e0pid dels nivells en sang d&#8217;aquesta hormona i podria arribar a provocar una intoxicaci\u00f3 de vitamina D.<\/p>\n\n\n\n<p>Es per aix\u00f2 que el Dr. L\u00f3pez apunta al fet que s&#8217;ha de ser prudent en la interpretaci\u00f3 de la informaci\u00f3, la lletra petita i les dosis i xifres, per a aix\u00ed saber de quina de les dues mol\u00e8cules se&#8217;ns est\u00e0 parlant i poder prendre la quantitat correcta.<\/p>\n\n\n\n<p><\/p>\n\n\n\n<p><strong>La difer\u00e8ncia entre suplementaci\u00f3 i tractament<\/strong><\/p>\n\n\n\n<p>\u00c9s fonamental con\u00e8ixer els nivells de vitamina D per a determinar si \u00e9s necessari dur a terme un tractament de hipovitaminosi o una suplementaci\u00f3. Sovint solem confondre aquests dos conceptes, per\u00f2 no t\u00e9 res a veure un tractament de hipovitaminosi amb la presa de suplements de persones que ja parteixen amb bons nivells de vitamina D.<\/p>\n\n\n\n<p>Uns nivells baixos de vitamina D augmenten el risc d&#8217;infeccions, ja que aquesta genera <strong>catelicidines<\/strong> (antibi\u00f2tics naturals) enfront de la incid\u00e8ncia d&#8217;infeccions. Estudis demostren que les persones amb baixos nivells d&#8217;aquesta hormona tenen amb freq\u00fc\u00e8ncia m\u00e9s infeccions i m\u00e9s possibilitats d&#8217;infecci\u00f3 greu.<\/p>\n\n\n\n<p><\/p>\n\n\n\n<p><strong>La vitamina D, clau en el tractament de l&#8217;osteoporosi<\/strong><\/p>\n\n\n\n<p>La vitamina D no sols genera catelicidines, tamb\u00e9 \u00e9s una gran aliada per als nostres ossos i el seu manteniment, ja que afavoreix l&#8217;absorci\u00f3 del calci a trav\u00e9s de la formaci\u00f3 de <strong>osteoblastos<\/strong>. Per aix\u00f2, ha de ser una part essencial del tractament del pacient amb osteoporosi i aix\u00ed poder evitar els denominats \u201cossos tous\u201d.<\/p>\n\n\n\n<p>Com indica Carmen S\u00e1nchez (AECOSAR), molts pacients, malgrat tenir en el seu tractament suplementaci\u00f3 de vitamina D, desconeixen la seva import\u00e0ncia. Per conseg\u00fcent, els metges d&#8217;atenci\u00f3 prim\u00e0ria han d&#8217;involucrar al pacient, informar-lo sobre ella, fer una bona explicaci\u00f3 del tractament i la seva posologia i coordinar-se amb l&#8217;atenci\u00f3 especialitzada per a poder fer un bon seguiment.<\/p>\n\n\n\n<p><\/p>\n\n\n\n<p>Donats aquests fets, tant els experts convidats al debat com pacients coincideixen en la import\u00e0ncia de reclamar que als metges d&#8217;atenci\u00f3 prim\u00e0ria se&#8217;ls permeti incloure en les seves an\u00e0lisis els nivells de vitamina D, una hormona que, com hem vist, <strong>\u00e9s essencial per al bon funcionament de l&#8217;organisme i la cura de les nostres articulacions<\/strong>.<\/p>\n\n\n\n<p><\/p>\n\n\n\n<p><strong>A&nbsp;OAFI&nbsp;R\u00e0dio vam tenir el plaer de comptar amb el Dr. Javier&nbsp;Sobrino, amb qui tamb\u00e9 vam parlar de la vitamina D. Aqu\u00ed pots donar-li un cop d&#8217;ull:<\/strong><\/p>\n\n\n\n<figure class=\"wp-block-embed is-type-video is-provider-youtube wp-block-embed-youtube wp-embed-aspect-16-9 wp-has-aspect-ratio\"><div class=\"wp-block-embed__wrapper\">\n<iframe title=\"#OAFIRADIO: LAS PROPIEDADES TERAP\u00c9UTICAS DE LA VITAMINA D\" width=\"1180\" height=\"664\" src=\"https:\/\/www.youtube.com\/embed\/eFpsU-8B_Jg?feature=oembed\" frameborder=\"0\" allow=\"accelerometer; autoplay; clipboard-write; encrypted-media; gyroscope; picture-in-picture; web-share\" allowfullscreen><\/iframe>\n<\/div><\/figure>\n","protected":false},"excerpt":{"rendered":"<p>L\u2019 Asociaci\u00f3n Nacional de Informadores de la Salud (ANIS), juntament amb Agencia Ra\u00edz, va organitzar el passat 29 de juny el debat \u201cVitamina D: controv\u00e8rsies i evid\u00e8ncies 2021\u201d, en el qual es va parlar sobre la repercussi\u00f3 de la vitamina D en la poblaci\u00f3 i els pacients amb osteoporosis. Amb convidats experts en el sector [&hellip;]<\/p>\n","protected":false},"author":1,"featured_media":30385,"comment_status":"open","ping_status":"open","sticky":false,"template":"","format":"standard","meta":{"footnotes":""},"categories":[812,1],"tags":[652],"class_list":["post-23848","post","type-post","status-publish","format-standard","has-post-thumbnail","hentry","category-noticies-oafi","category-uncategorized-en","tag-fundacion-oafi"],"_links":{"self":[{"href":"https:\/\/www.oafifoundation.com\/ca\/wp-json\/wp\/v2\/posts\/23848","targetHints":{"allow":["GET"]}}],"collection":[{"href":"https:\/\/www.oafifoundation.com\/ca\/wp-json\/wp\/v2\/posts"}],"about":[{"href":"https:\/\/www.oafifoundation.com\/ca\/wp-json\/wp\/v2\/types\/post"}],"author":[{"embeddable":true,"href":"https:\/\/www.oafifoundation.com\/ca\/wp-json\/wp\/v2\/users\/1"}],"replies":[{"embeddable":true,"href":"https:\/\/www.oafifoundation.com\/ca\/wp-json\/wp\/v2\/comments?post=23848"}],"version-history":[{"count":1,"href":"https:\/\/www.oafifoundation.com\/ca\/wp-json\/wp\/v2\/posts\/23848\/revisions"}],"predecessor-version":[{"id":32132,"href":"https:\/\/www.oafifoundation.com\/ca\/wp-json\/wp\/v2\/posts\/23848\/revisions\/32132"}],"wp:featuredmedia":[{"embeddable":true,"href":"https:\/\/www.oafifoundation.com\/ca\/wp-json\/wp\/v2\/media\/30385"}],"wp:attachment":[{"href":"https:\/\/www.oafifoundation.com\/ca\/wp-json\/wp\/v2\/media?parent=23848"}],"wp:term":[{"taxonomy":"category","embeddable":true,"href":"https:\/\/www.oafifoundation.com\/ca\/wp-json\/wp\/v2\/categories?post=23848"},{"taxonomy":"post_tag","embeddable":true,"href":"https:\/\/www.oafifoundation.com\/ca\/wp-json\/wp\/v2\/tags?post=23848"}],"curies":[{"name":"wp","href":"https:\/\/api.w.org\/{rel}","templated":true}]}}