{"id":25546,"date":"2022-08-25T09:55:59","date_gmt":"2022-08-25T07:55:59","guid":{"rendered":"https:\/\/www.oafifoundation.com\/?p=25546"},"modified":"2023-05-11T18:34:12","modified_gmt":"2023-05-11T16:34:12","slug":"presentem-el-sise-congres-internacional-de-pacients-amb-artrosi","status":"publish","type":"post","link":"https:\/\/www.oafifoundation.com\/ca\/presentem-el-sise-congres-internacional-de-pacients-amb-artrosi\/","title":{"rendered":"Presentem el sis\u00e8 congr\u00e9s internacional de pacients amb artrosi"},"content":{"rendered":"\n<p>L\u2019 <strong>#OAFICongress2022<\/strong>, organitzat per l\u2019Osteoarthritis Foundation International (*OAFI), que tindr\u00e0 lloc els dies <strong>26, 27 i 28 d&#8217;octubre<\/strong> de 2022 a l&#8217;<strong>Auditori AXA<\/strong>, L\u2019illa Diagonal (Barcelona), torna amb un nou lema: <strong>Mou-te contra l&#8217;artrosi<\/strong>!<\/p>\n\n\n\n<p><\/p>\n\n\n\n<p>Despr\u00e9s d&#8217;una passada edici\u00f3 celebrada en format h\u00edbrid, el <em>6th Osteoarthritis Patients World Congress<\/em> torna amb la mateixa recepta: gaudeix de tres dies carregats de salut articular, novetats en artrosi i sobretot, molta diversi\u00f3 i aprenentatge, a la Ciutat Comtal. L\u2019#OAFICongress2022 passa a tenir un dia m\u00e9s perqu\u00e8 no et perdis detall de les \u00faltimes actualitzacions en aquesta malaltia i puguis gaudir de magn\u00edfics moments al costat d&#8217;experts i pacients.&nbsp;<\/p>\n\n\n\n<p><\/p>\n\n\n\n<p>Podr\u00e0s aprendre de la m\u00e0 dels millors ponents del sector i resoldre tots els teus dubtes respecte a aquesta patologia a trav\u00e9s de confer\u00e8ncies, classes magistrals i tallers pr\u00e0ctics. Els dies 26, 27 i 28 d&#8217;octubre, tu ser\u00e0s protagonista. Anima&#8217;t a moure&#8217;t contra l&#8217;artrosi!<\/p>\n\n\n\n<p><\/p>\n\n\n\n<p>No podr\u00e0s assistir? No et preocupis! Posteriorment al congr\u00e9s, podr\u00e0s reviure&#8217;l enterament a trav\u00e9s del nostre canal de <strong>YouTube amb l&#8217;edici\u00f3 en l\u00ednia<\/strong>.<\/p>\n\n\n\n<p>Estem molt emocionats de tornar a trobar-nos, tant presencialment com virtualment, en una nova edici\u00f3 de l\u2019#OAFICongress celebrat per i per a pacients.<\/p>\n\n\n\n<p><\/p>\n\n\n\n<p><strong>\u00c9s hora de moure&#8217;s contra l&#8217;artrosi!<\/strong><\/p>\n\n\n\n<p><\/p>\n\n\n\n<p>Pots reservar la teva entrada gratu\u00efta <a href=\"https:\/\/www.eventbrite.es\/e\/entradas-oaficongress2022-6th-osteoarhtritis-patients-world-congress-392988839197\" target=\"_blank\" rel=\"noopener\"><strong>aqu\u00ed<\/strong><\/a>.<\/p>\n\n\n\n<p><\/p>\n\n\n\n<p>A continuaci\u00f3, pots donar un cop d&#8217;ull a l&#8217;agenda provisional:<\/p>\n\n\n\n<p><\/p>\n\n\n\n<figure class=\"wp-block-image size-large\"><img fetchpriority=\"high\" decoding=\"async\" width=\"1024\" height=\"576\" src=\"https:\/\/www.oafifoundation.com\/wp-content\/uploads\/2022\/08\/oafi-congress-2022-1024x576.png\" alt=\"Presentamos el 6\u00ba Congreso Internacional de Pacientes con Artrosis\" class=\"wp-image-30504\" srcset=\"https:\/\/www.oafifoundation.com\/wp-content\/uploads\/2022\/08\/oafi-congress-2022-1024x576.png 1024w, https:\/\/www.oafifoundation.com\/wp-content\/uploads\/2022\/08\/oafi-congress-2022-300x169.png 300w, https:\/\/www.oafifoundation.com\/wp-content\/uploads\/2022\/08\/oafi-congress-2022-768x432.png 768w, https:\/\/www.oafifoundation.com\/wp-content\/uploads\/2022\/08\/oafi-congress-2022-600x338.png 600w, https:\/\/www.oafifoundation.com\/wp-content\/uploads\/2022\/08\/oafi-congress-2022.png 1280w\" sizes=\"(max-width: 1024px) 100vw, 1024px\" \/><\/figure>\n\n\n\n<figure class=\"wp-block-image size-large\"><img decoding=\"async\" width=\"1024\" height=\"576\" src=\"https:\/\/www.oafifoundation.com\/wp-content\/uploads\/2022\/08\/agenda-oafi-congress-2022-01-1024x576.png\" alt=\"Agenda OAFI Congress 2022\" class=\"wp-image-30507\" srcset=\"https:\/\/www.oafifoundation.com\/wp-content\/uploads\/2022\/08\/agenda-oafi-congress-2022-01-1024x576.png 1024w, https:\/\/www.oafifoundation.com\/wp-content\/uploads\/2022\/08\/agenda-oafi-congress-2022-01-300x169.png 300w, https:\/\/www.oafifoundation.com\/wp-content\/uploads\/2022\/08\/agenda-oafi-congress-2022-01-768x432.png 768w, https:\/\/www.oafifoundation.com\/wp-content\/uploads\/2022\/08\/agenda-oafi-congress-2022-01-600x338.png 600w, https:\/\/www.oafifoundation.com\/wp-content\/uploads\/2022\/08\/agenda-oafi-congress-2022-01.png 1280w\" sizes=\"(max-width: 1024px) 100vw, 1024px\" \/><\/figure>\n\n\n\n<figure class=\"wp-block-image size-large\"><img decoding=\"async\" width=\"1024\" height=\"576\" src=\"https:\/\/www.oafifoundation.com\/wp-content\/uploads\/2022\/08\/agenda-oafi-congress-2022-02-1024x576.png\" alt=\"Agenda OAFI Congress 2022\" class=\"wp-image-30510\" srcset=\"https:\/\/www.oafifoundation.com\/wp-content\/uploads\/2022\/08\/agenda-oafi-congress-2022-02-1024x576.png 1024w, https:\/\/www.oafifoundation.com\/wp-content\/uploads\/2022\/08\/agenda-oafi-congress-2022-02-300x169.png 300w, https:\/\/www.oafifoundation.com\/wp-content\/uploads\/2022\/08\/agenda-oafi-congress-2022-02-768x432.png 768w, https:\/\/www.oafifoundation.com\/wp-content\/uploads\/2022\/08\/agenda-oafi-congress-2022-02-600x338.png 600w, https:\/\/www.oafifoundation.com\/wp-content\/uploads\/2022\/08\/agenda-oafi-congress-2022-02.png 1280w\" sizes=\"(max-width: 1024px) 100vw, 1024px\" \/><\/figure>\n\n\n\n<figure class=\"wp-block-image size-large\"><img loading=\"lazy\" decoding=\"async\" width=\"1024\" height=\"576\" src=\"https:\/\/www.oafifoundation.com\/wp-content\/uploads\/2022\/08\/agenda-oafi-congress-2022-03-1024x576.png\" alt=\"Agenda OAFI Congress 2022\" class=\"wp-image-30513\" srcset=\"https:\/\/www.oafifoundation.com\/wp-content\/uploads\/2022\/08\/agenda-oafi-congress-2022-03-1024x576.png 1024w, https:\/\/www.oafifoundation.com\/wp-content\/uploads\/2022\/08\/agenda-oafi-congress-2022-03-300x169.png 300w, https:\/\/www.oafifoundation.com\/wp-content\/uploads\/2022\/08\/agenda-oafi-congress-2022-03-768x432.png 768w, https:\/\/www.oafifoundation.com\/wp-content\/uploads\/2022\/08\/agenda-oafi-congress-2022-03-600x338.png 600w, https:\/\/www.oafifoundation.com\/wp-content\/uploads\/2022\/08\/agenda-oafi-congress-2022-03.png 1280w\" sizes=\"(max-width: 1024px) 100vw, 1024px\" \/><\/figure>\n\n\n\n<figure class=\"wp-block-image size-large\"><img loading=\"lazy\" decoding=\"async\" width=\"1024\" height=\"576\" src=\"https:\/\/www.oafifoundation.com\/wp-content\/uploads\/2022\/08\/agradecimientos-oafi-congress-2022-1024x576.png\" alt=\"Agradecimientos OAFI Congress 2022\" class=\"wp-image-30516\" srcset=\"https:\/\/www.oafifoundation.com\/wp-content\/uploads\/2022\/08\/agradecimientos-oafi-congress-2022-1024x576.png 1024w, https:\/\/www.oafifoundation.com\/wp-content\/uploads\/2022\/08\/agradecimientos-oafi-congress-2022-300x169.png 300w, https:\/\/www.oafifoundation.com\/wp-content\/uploads\/2022\/08\/agradecimientos-oafi-congress-2022-768x432.png 768w, https:\/\/www.oafifoundation.com\/wp-content\/uploads\/2022\/08\/agradecimientos-oafi-congress-2022-600x338.png 600w, https:\/\/www.oafifoundation.com\/wp-content\/uploads\/2022\/08\/agradecimientos-oafi-congress-2022.png 1280w\" sizes=\"(max-width: 1024px) 100vw, 1024px\" \/><\/figure>\n","protected":false},"excerpt":{"rendered":"<p>L\u2019 #OAFICongress2022, organitzat per l\u2019Osteoarthritis Foundation International (*OAFI), que tindr\u00e0 lloc els dies 26, 27 i 28 d&#8217;octubre de 2022 a l&#8217;Auditori AXA, L\u2019illa Diagonal (Barcelona), torna amb un nou lema: Mou-te contra l&#8217;artrosi! Despr\u00e9s d&#8217;una passada edici\u00f3 celebrada en format h\u00edbrid, el 6th Osteoarthritis Patients World Congress torna amb la mateixa recepta: gaudeix de [&hellip;]<\/p>\n","protected":false},"author":1,"featured_media":30504,"comment_status":"open","ping_status":"open","sticky":false,"template":"","format":"standard","meta":{"footnotes":""},"categories":[540,962,1285,522,515],"tags":[],"class_list":["post-25546","post","type-post","status-publish","format-standard","has-post-thumbnail","hentry","category-actualitat","category-area-pacients","category-blog","category-congressos","category-noticias-oafi"],"_links":{"self":[{"href":"https:\/\/www.oafifoundation.com\/ca\/wp-json\/wp\/v2\/posts\/25546","targetHints":{"allow":["GET"]}}],"collection":[{"href":"https:\/\/www.oafifoundation.com\/ca\/wp-json\/wp\/v2\/posts"}],"about":[{"href":"https:\/\/www.oafifoundation.com\/ca\/wp-json\/wp\/v2\/types\/post"}],"author":[{"embeddable":true,"href":"https:\/\/www.oafifoundation.com\/ca\/wp-json\/wp\/v2\/users\/1"}],"replies":[{"embeddable":true,"href":"https:\/\/www.oafifoundation.com\/ca\/wp-json\/wp\/v2\/comments?post=25546"}],"version-history":[{"count":1,"href":"https:\/\/www.oafifoundation.com\/ca\/wp-json\/wp\/v2\/posts\/25546\/revisions"}],"predecessor-version":[{"id":32142,"href":"https:\/\/www.oafifoundation.com\/ca\/wp-json\/wp\/v2\/posts\/25546\/revisions\/32142"}],"wp:featuredmedia":[{"embeddable":true,"href":"https:\/\/www.oafifoundation.com\/ca\/wp-json\/wp\/v2\/media\/30504"}],"wp:attachment":[{"href":"https:\/\/www.oafifoundation.com\/ca\/wp-json\/wp\/v2\/media?parent=25546"}],"wp:term":[{"taxonomy":"category","embeddable":true,"href":"https:\/\/www.oafifoundation.com\/ca\/wp-json\/wp\/v2\/categories?post=25546"},{"taxonomy":"post_tag","embeddable":true,"href":"https:\/\/www.oafifoundation.com\/ca\/wp-json\/wp\/v2\/tags?post=25546"}],"curies":[{"name":"wp","href":"https:\/\/api.w.org\/{rel}","templated":true}]}}