{"id":25558,"date":"2022-08-25T12:56:58","date_gmt":"2022-08-25T10:56:58","guid":{"rendered":"https:\/\/www.oafifoundation.com\/?p=25558"},"modified":"2023-05-11T18:23:04","modified_gmt":"2023-05-11T16:23:04","slug":"els-pacients-cronics-suspenen-latencio-sanitaria-rebuda-en-el-sise-barometre-escronico","status":"publish","type":"post","link":"https:\/\/www.oafifoundation.com\/ca\/els-pacients-cronics-suspenen-latencio-sanitaria-rebuda-en-el-sise-barometre-escronico\/","title":{"rendered":"Els pacients cr\u00f2nics suspenen l&#8217;atenci\u00f3 sanit\u00e0ria rebuda al sis\u00e8 Bar\u00f2metre &#8216;EsCr\u00f3nico&#8217;"},"content":{"rendered":"\n<p>Quin \u00e9s el nivell de satisfacci\u00f3 dels pacients cr\u00f2nics respecte a l&#8217;atenci\u00f3 sanit\u00e0ria a Espanya? La <strong>Plataforma d&#8217;Organitzacions de Pacients (POP)<\/strong> ha presentat el<strong> VI bar\u00f2metre EsCr\u00f3nicos <\/strong>l&#8217;objectiu del qual era el d&#8217;identificar i valorar la satisfacci\u00f3 i la qualitat de l&#8217;atenci\u00f3 sanit\u00e0ria percebuda pels pacients cr\u00f2nics espanyols, fent especial \u00e8mfasi en alguns aspectes com s\u00f3n el diagn\u00f2stic, el tractament i l&#8217;atenci\u00f3.<\/p>\n\n\n\n<p>Els resultats exposats han presentat dades una miqueta alarmants ja que <strong>els pacients han susp\u00e8s l&#8217;atenci\u00f3 sanit\u00e0ria rebuda i el funcionament del sistema nacional de salut<\/strong>. Unes dades que s&#8217;expliquen en part per la situaci\u00f3 post pand\u00e8mia que s&#8217;est\u00e0 vivint.<\/p>\n\n\n\n<p>D&#8217;altra banda, el 40% dels pacients ha valorat positivament l&#8217;atenci\u00f3 rebuda per part del seu metge de fam\u00edlia, de l&#8217;especialista de la patologia i d&#8217;urg\u00e8ncies. No obstant aix\u00f2, en l&#8217;an\u00e0lisi dels \u00faltims 2 bar\u00f2metres, les valoracions atribu\u00efdes a l&#8217;especialista de la patologia han caigut en set punts entre un bar\u00f2metre i un altre, i tamb\u00e9 ha caigut en sis punts la puntuaci\u00f3 assignada a urg\u00e8ncies.<\/p>\n\n\n\n<p><strong>Gaireb\u00e9 la meitat dels pacients triguen dos o m\u00e9s anys a ser diagnosticats<\/strong> i quan obtenen el primer diagn\u00f2stic, aquest comen\u00e7a a ser tractat de manera err\u00f2nia.<\/p>\n\n\n\n<p>Majorit\u00e0riament, s\u00f3n els metges d&#8217;atenci\u00f3 prim\u00e0ria els que realitzen el seguiment de la malaltia cr\u00f2nica, la qual cosa ocorre en la meitat dels casos, encara que el m\u00e9s freq\u00fcent \u00e9s que aquest seguiment sigui compartit entre diversos professionals sanitaris.<\/p>\n\n\n\n<p>La coordinaci\u00f3 per al tractament d&#8217;aquestes malalties cr\u00f2niques t\u00e9 un marge important de millora segons han revelat les dades de satisfacci\u00f3. Entre el 60% i el 72% dels pacients va rebre una informaci\u00f3 sobre el tractament i sobre el seu funcionament, per\u00f2 s&#8217;estima que aquesta informaci\u00f3 que rep el pacient \u00e9s millorable.<\/p>\n\n\n\n<p>D&#8217;altra banda, existeix marge de millora en tot el que t\u00e9 a veure amb les decisions sobre el tractament i la participaci\u00f3 del pacient en aquestes decisions compartides.<\/p>\n\n\n\n<p><strong>El 28% dels pacients va declarar que li afectava el lloc de resid\u00e8ncia en el tractament general de la malaltia<\/strong> i un 17% que els afectava pel seu acc\u00e9s a la medicaci\u00f3.<\/p>\n\n\n\n<p>Finalment, l&#8217;estudi mostra tamb\u00e9 que existeix una demanda d&#8217;atenci\u00f3 no satisfeta i una dificultat d&#8217;acc\u00e9s evident i molt important en temes molt concrets com pot ser la fisioter\u00e0pia, la rehabilitaci\u00f3 logop\u00e8dica i l&#8217;atenci\u00f3 psicol\u00f2gica, que encara no est\u00e0 sent coberta segons la percepci\u00f3 dels pacients.<\/p>\n\n\n\n<p>Per a tractar de millorar aquests resultats, <strong>la Plataforma d&#8217;Organitzacions de Pacients proposa millorar els aspectes relacionats amb la informaci\u00f3 i amb la comunicaci\u00f3 entre el professional sanitari i el pacient per a fomentar realment la corresponsabilitat i la participaci\u00f3 activa<\/strong>, aix\u00ed com flexibilitzar el model d&#8217;atenci\u00f3 a trav\u00e9s de la combinaci\u00f3 de l&#8217;atenci\u00f3 presencial, telem\u00e0tica i domicili\u00e0ria en els casos en els quals es consideri necessari.<\/p>\n","protected":false},"excerpt":{"rendered":"<p>Quin \u00e9s el nivell de satisfacci\u00f3 dels pacients cr\u00f2nics respecte a l&#8217;atenci\u00f3 sanit\u00e0ria a Espanya? La Plataforma d&#8217;Organitzacions de Pacients (POP) ha presentat el VI bar\u00f2metre EsCr\u00f3nicos l&#8217;objectiu del qual era el d&#8217;identificar i valorar la satisfacci\u00f3 i la qualitat de l&#8217;atenci\u00f3 sanit\u00e0ria percebuda pels pacients cr\u00f2nics espanyols, fent especial \u00e8mfasi en alguns aspectes com [&hellip;]<\/p>\n","protected":false},"author":1,"featured_media":30520,"comment_status":"open","ping_status":"open","sticky":false,"template":"","format":"standard","meta":{"footnotes":""},"categories":[1285,1],"tags":[],"class_list":["post-25558","post","type-post","status-publish","format-standard","has-post-thumbnail","hentry","category-blog","category-uncategorized-en"],"_links":{"self":[{"href":"https:\/\/www.oafifoundation.com\/ca\/wp-json\/wp\/v2\/posts\/25558","targetHints":{"allow":["GET"]}}],"collection":[{"href":"https:\/\/www.oafifoundation.com\/ca\/wp-json\/wp\/v2\/posts"}],"about":[{"href":"https:\/\/www.oafifoundation.com\/ca\/wp-json\/wp\/v2\/types\/post"}],"author":[{"embeddable":true,"href":"https:\/\/www.oafifoundation.com\/ca\/wp-json\/wp\/v2\/users\/1"}],"replies":[{"embeddable":true,"href":"https:\/\/www.oafifoundation.com\/ca\/wp-json\/wp\/v2\/comments?post=25558"}],"version-history":[{"count":1,"href":"https:\/\/www.oafifoundation.com\/ca\/wp-json\/wp\/v2\/posts\/25558\/revisions"}],"predecessor-version":[{"id":32116,"href":"https:\/\/www.oafifoundation.com\/ca\/wp-json\/wp\/v2\/posts\/25558\/revisions\/32116"}],"wp:featuredmedia":[{"embeddable":true,"href":"https:\/\/www.oafifoundation.com\/ca\/wp-json\/wp\/v2\/media\/30520"}],"wp:attachment":[{"href":"https:\/\/www.oafifoundation.com\/ca\/wp-json\/wp\/v2\/media?parent=25558"}],"wp:term":[{"taxonomy":"category","embeddable":true,"href":"https:\/\/www.oafifoundation.com\/ca\/wp-json\/wp\/v2\/categories?post=25558"},{"taxonomy":"post_tag","embeddable":true,"href":"https:\/\/www.oafifoundation.com\/ca\/wp-json\/wp\/v2\/tags?post=25558"}],"curies":[{"name":"wp","href":"https:\/\/api.w.org\/{rel}","templated":true}]}}