{"id":38093,"date":"2024-10-09T12:05:20","date_gmt":"2024-10-09T10:05:20","guid":{"rendered":"https:\/\/www.oafifoundation.com\/?p=38093"},"modified":"2024-12-03T11:30:20","modified_gmt":"2024-12-03T10:30:20","slug":"calidad-del-descanso-y-relacion-en-artrosis","status":"publish","type":"post","link":"https:\/\/www.oafifoundation.com\/ca\/calidad-del-descanso-y-relacion-en-artrosis\/","title":{"rendered":"LA QUALITAT DEL DESCANS I LA RELACI\u00d3 DEL DOLOR EN ARTROSI"},"content":{"rendered":"\n<p>Article per cortesia de <a href=\"https:\/\/es.linkedin.com\/in\/carla-estivill-dom%C3%A8nech-b558865b\" data-type=\"link\" data-id=\"https:\/\/es.linkedin.com\/in\/carla-estivill-dom%C3%A8nech-b558865b\" target=\"_blank\" rel=\"noopener\">Carla Estivill<\/a>, Direcci\u00f3 i Investigaci\u00f3 a <a href=\"https:\/\/doctorestivill.es\/?lang=ca\" data-type=\"link\" data-id=\"https:\/\/doctorestivill.es\/?lang=ca\" target=\"_blank\" rel=\"noopener\">Cl\u00ednica Son Estivill<\/a><\/p>\n\n\n\n<h2 class=\"wp-block-heading\">LA QUALITAT DEL DESCANS<\/h2>\n\n\n\n<p>El son \u00e9s un dels pilars essencials per a la prevenci\u00f3 de la malaltia, per mantenir un estil de vida saludable, a m\u00e9s de cultivar l&#8217;envelliment saludable. El seu benefici ampli es deu a les m\u00faltiples funcions que se li atribueixen. I \u00e9s que mentre dormim, recuperem, memoritzem i consolidem el que fem durant el dia. \u00c9s un temps multifuncional de processos fisiol\u00f2gics com el restabliment de l&#8217;energia consumida durant el dia, neteja de subst\u00e0ncies acumulades al cervell, recuperaci\u00f3 del sistema metab\u00f2lic o la restauraci\u00f3 f\u00edsica.<\/p>\n\n\n\n<p>Els beneficis del descans es fan evidents ja en el nostre dia a dia, ja que dormir b\u00e9 ens permet mantenir un benestar tant f\u00edsic com mental i emocional: conservem una actitud activa i m\u00e9s positiva cap a la vida, les relacions socials i familiars tamb\u00e9 s\u00f3n m\u00e9s positives, a m\u00e9s de rendir millor a la feina, tenir m\u00e9s atenci\u00f3 i capacitat de memoritzaci\u00f3.<\/p>\n\n\n\n<p>Quan dormim b\u00e9 tamb\u00e9 ens recuperem millor f\u00edsicament. Estudis cient\u00edfics recents ens demostren que el per\u00edode de son \u00e9s el <strong>moment m\u00e9s \u00e0lgid de la reparaci\u00f3 i regeneraci\u00f3 de teixits<\/strong>, com la pell, m\u00fasculs, o cart\u00edlag, degut principalment a la <strong>s\u00edntesi de l&#8217;hormona del creixement (GH)<\/strong> durant les hores del son profund. Igualment, altres hormones com la prolactina, l&#8217;hormona lute\u00ednica i la testosterona, juntament amb l&#8217;efecte antiinflamatori de la melatonina, complementen aquesta funci\u00f3.<\/p>\n\n\n\n<p>Aquestes subst\u00e0ncies se segreguen majorit\u00e0riament mentre dormim, \u00e9s a dir, que tenen un cicle cronobiol\u00f2gic. Per exemple, en el cas de l&#8217;hormona del creixement, <strong>el 70% es produeix al son profund<\/strong>. La melatonina \u00e9s l&#8217;hormona que indueix el son, i es desencadena amb la foscor. El pic m\u00e9s alt apareix cap a les 2 de la matinada i va disminuint al llarg de la nit. Amb l&#8217;edat, aquesta subst\u00e0ncia va disminuint.<\/p>\n\n\n\n<h2 class=\"wp-block-heading\"><strong>BENEFICIS DEL SOMNI A L&#8217;ARTROSI<\/strong><\/h2>\n\n\n\n<p>Dormir b\u00e9 ens permet mantenir una bona salut i benestar, per\u00f2 sens dubte, la qualitat i quantitat de son \u00e9s una necessitat fonamental per a la cura de <a href=\"https:\/\/www.oafifoundation.com\/ca\/preguntes-frequents-faq\/\" data-type=\"link\" data-id=\"https:\/\/www.oafifoundation.com\/preguntas-frecuentes-faq\/\">malalties com l&#8217;artrosi<\/a>, per:<\/p>\n\n\n\n<ul class=\"wp-block-list\">\n<li><strong>controlar la inflamaci\u00f3<\/strong><\/li>\n\n\n\n<li><strong>propiciar la regeneraci\u00f3 tissular frenant la degeneraci\u00f3<\/strong><\/li>\n\n\n\n<li><strong>controlar el llindar del dolor<\/strong>, cosa que en \u00faltima inst\u00e0ncia aporta una qualitat de vida adequada per a un bon funcionament del dia a dia, amb una bona salut mental i emocional.<\/li>\n<\/ul>\n\n\n\n<p>Desafortunadament, el mateix proc\u00e9s patol\u00f2gic, desencadena un cercle vici\u00f3s, ja que la inflamaci\u00f3, que produeix dolor, afectar\u00e0 el propi son. En aquesta conjuntura apareix l&#8217;insomni, que produeix una dificultat per agafar el son i el descans, un somni  superficial, i despertar-se durant la nit. Aquest descans insuficient i ineficient provoca una desregulaci\u00f3 de la segregaci\u00f3 de les hormones regeneradores, i retroalimenten la inflamaci\u00f3 i el dolor, cosa que provoca, en definitiva, una <strong>disminuci\u00f3 dr\u00e0stica de la qualitat de vida.<\/strong><\/p>\n\n\n\n<figure class=\"wp-block-image size-full\"><img fetchpriority=\"high\" decoding=\"async\" width=\"640\" height=\"427\" src=\"https:\/\/www.oafifoundation.com\/wp-content\/uploads\/2024\/10\/woman-2197947_640-compressed.jpg\" alt=\"\" class=\"wp-image-38088\" srcset=\"https:\/\/www.oafifoundation.com\/wp-content\/uploads\/2024\/10\/woman-2197947_640-compressed.jpg 640w, https:\/\/www.oafifoundation.com\/wp-content\/uploads\/2024\/10\/woman-2197947_640-compressed-300x200.jpg 300w, https:\/\/www.oafifoundation.com\/wp-content\/uploads\/2024\/10\/woman-2197947_640-compressed-600x400.jpg 600w\" sizes=\"(max-width: 640px) 100vw, 640px\" \/><figcaption class=\"wp-element-caption\">Imatge de <a href=\"https:\/\/pixabay.com\/users\/claudio_scott-4913238\/?utm_source=link-attribution&amp;utm_medium=referral&amp;utm_campaign=image&amp;utm_content=2197947\" target=\"_blank\" rel=\"noopener\">Claudio Scot<\/a> a <a href=\"https:\/\/pixabay.com\/\/?utm_source=link-attribution&amp;utm_medium=referral&amp;utm_campaign=image&amp;utm_content=2197947\" target=\"_blank\" rel=\"noopener\">Pixabay<\/a><\/figcaption><\/figure>\n\n\n\n<h2 class=\"wp-block-heading\"><strong>COM PODEM DORMIR MILLOR<\/strong><\/h2>\n\n\n\n<p>Tenir cura del son, el descans i evitar que aparegui l&#8217;insomni, ha de formar part d&#8217;un tractament transversal de malalties com l&#8217;artrosi. Hem de garantir la correcta segregaci\u00f3 de les hormones que ens protegeixen els teixits. Per aix\u00f2, necessitem cobrir 3 pilars b\u00e0sics del son: <strong>dormir el temps necessari, obtenir un somni eficient i de qualitat i tenir cura del ritme biol\u00f2gic son\/vig\u00edlia.<\/strong><\/p>\n\n\n\n<p>Les hores que necessitem dormir depenen principalment de l&#8217;edat: els adults han de <strong>dormir entre 7-8 hores<\/strong>. Quan ens fem grans, el somni nocturn sol reduir-se, encara que de manera molt variable segons la persona. Per\u00f2 de manera general, \u00e9s molt recomanable completar-ho amb <strong>una migdiada curta<\/strong>, d&#8217;aproximadament 20-40min, cada dia.<\/p>\n\n\n\n<p>Tal com hem comentat, la qualitat del son es pot veure disminu\u00efda a causa del dolor, el malestar, i la manca de moviment. Tot i aix\u00f2, els seg\u00fcents h\u00e0bits de son seran b\u00e0sics i fonamentals per intentar evitar o pal\u00b7liar l&#8217;insomni:<\/p>\n\n\n\n<ul class=\"wp-block-list\">\n<li>Encara que no sembli obvi, la qualitat del son es construeix tamb\u00e9 durant el dia: un dia actiu, estimular\u00e0 les nostres hormones que es fabriquessin de forma cronobiol\u00f2gica, a la nit. I la regularitat dels nostres h\u00e0bits assegurar\u00e0 la regularitat del funcionament. Per aix\u00f2, ser\u00e0 molt recomanable <strong>mantenir-se actiu durant el dia, exposar-se a la llum natural i mantenir uns horaris regulars d&#8217;alimentaci\u00f3 i son<\/strong>.<\/li>\n<\/ul>\n\n\n\n<p><\/p>\n\n\n\n<ul class=\"wp-block-list\">\n<li><strong>El son s&#8217;ha de preparar, no ve de cop<\/strong>. Durant les 3 hores pr\u00e8vies al son, el cos s&#8217;engega les subst\u00e0ncies que obriran la porta al son, com \u00e9s la melatonina. Per estimular aquest proc\u00e9s, hem de sopar aviat, cap a les 20:30, i despr\u00e9s dedicar un temps a una activitat que ens desconnecti del que hem fet durant el dia; tamb\u00e9 \u00e9s un bon moment de fer una sessi\u00f3 de meditaci\u00f3 o relaxaci\u00f3; cal evitar l&#8217;\u00fas de dispositius.<\/li>\n<\/ul>\n\n\n\n<p><\/p>\n\n\n\n<ul class=\"wp-block-list\">\n<li>Finalment, anar al llit sempre a la mateixa hora. \u00c9s important que l<strong>\u00b4habitaci\u00f3 sigui un entorn agradable de llum i temperatura<\/strong>, silenciosa i que sigui un espai exclusivament per dormir.<\/li>\n<\/ul>\n\n\n\n<p><\/p>\n\n\n\n<p>Article per cortesia de <a href=\"https:\/\/es.linkedin.com\/in\/carla-estivill-dom%C3%A8nech-b558865b\" data-type=\"link\" data-id=\"https:\/\/es.linkedin.com\/in\/carla-estivill-dom%C3%A8nech-b558865b\" target=\"_blank\" rel=\"noopener\">Carla Estivill<\/a>, Direcci\u00f3 i Investigaci\u00f3 a <a href=\"https:\/\/doctorestivill.es\/?lang=ca\" data-type=\"link\" data-id=\"https:\/\/doctorestivill.es\/?lang=ca\" target=\"_blank\" rel=\"noopener\">Cl\u00ednica Son Estivill<\/a><\/p>\n\n\n\n<p>Imatge de l&#8217;article de <a href=\"https:\/\/unsplash.com\/@all_who_wander?utm_content=creditCopyText&amp;utm_medium=referral&amp;utm_source=unsplash\" target=\"_blank\" rel=\"noopener\">Kinga Howard<\/a> en <a href=\"https:\/\/unsplash.com\/photos\/grayscale-photo-of-sleeping-woman-lying-on-bed-5NzOfwXoH88?utm_content=creditCopyText&amp;utm_medium=referral&amp;utm_source=unsplash\" target=\"_blank\" rel=\"noopener\">Unsplash<\/a><\/p>\n","protected":false},"excerpt":{"rendered":"<p>Article per cortesia de Carla Estivill, Direcci\u00f3 i Investigaci\u00f3 a Cl\u00ednica Son Estivill LA QUALITAT DEL DESCANS El son \u00e9s un dels pilars essencials per a la prevenci\u00f3 de la malaltia, per mantenir un estil de vida saludable, a m\u00e9s de cultivar l&#8217;envelliment saludable. El seu benefici ampli es deu a les m\u00faltiples funcions que [&hellip;]<\/p>\n","protected":false},"author":1,"featured_media":38086,"comment_status":"closed","ping_status":"open","sticky":false,"template":"","format":"standard","meta":{"footnotes":""},"categories":[549,962,1286,814,2219,531,1282,1690,728],"tags":[2233,2234,2235,2236,2237,2238],"class_list":["post-38093","post","type-post","status-publish","format-standard","has-post-thumbnail","hentry","category-amics-oafi","category-area-pacients","category-blog-ca","category-consells-sobre-salut-articular","category-oafi-woman-ca","category-osteoartritis-ca","category-osteoporosi","category-salud-ca","category-sense-categoria","tag-calidad-del-sueno-ca","tag-carla-estivill-ca","tag-clinica-sueno-estivill-ca","tag-estivill-ca","tag-son-ca","tag-sueno-ca"],"_links":{"self":[{"href":"https:\/\/www.oafifoundation.com\/ca\/wp-json\/wp\/v2\/posts\/38093","targetHints":{"allow":["GET"]}}],"collection":[{"href":"https:\/\/www.oafifoundation.com\/ca\/wp-json\/wp\/v2\/posts"}],"about":[{"href":"https:\/\/www.oafifoundation.com\/ca\/wp-json\/wp\/v2\/types\/post"}],"author":[{"embeddable":true,"href":"https:\/\/www.oafifoundation.com\/ca\/wp-json\/wp\/v2\/users\/1"}],"replies":[{"embeddable":true,"href":"https:\/\/www.oafifoundation.com\/ca\/wp-json\/wp\/v2\/comments?post=38093"}],"version-history":[{"count":4,"href":"https:\/\/www.oafifoundation.com\/ca\/wp-json\/wp\/v2\/posts\/38093\/revisions"}],"predecessor-version":[{"id":38573,"href":"https:\/\/www.oafifoundation.com\/ca\/wp-json\/wp\/v2\/posts\/38093\/revisions\/38573"}],"wp:featuredmedia":[{"embeddable":true,"href":"https:\/\/www.oafifoundation.com\/ca\/wp-json\/wp\/v2\/media\/38086"}],"wp:attachment":[{"href":"https:\/\/www.oafifoundation.com\/ca\/wp-json\/wp\/v2\/media?parent=38093"}],"wp:term":[{"taxonomy":"category","embeddable":true,"href":"https:\/\/www.oafifoundation.com\/ca\/wp-json\/wp\/v2\/categories?post=38093"},{"taxonomy":"post_tag","embeddable":true,"href":"https:\/\/www.oafifoundation.com\/ca\/wp-json\/wp\/v2\/tags?post=38093"}],"curies":[{"name":"wp","href":"https:\/\/api.w.org\/{rel}","templated":true}]}}