{"id":39317,"date":"2025-02-03T17:34:56","date_gmt":"2025-02-03T16:34:56","guid":{"rendered":"https:\/\/www.oafifoundation.com\/?p=39317"},"modified":"2025-09-16T10:58:25","modified_gmt":"2025-09-16T08:58:25","slug":"oafi-y-aecosar-firman-acuerdo-con-aeem","status":"publish","type":"post","link":"https:\/\/www.oafifoundation.com\/ca\/oafi-y-aecosar-firman-acuerdo-con-aeem\/","title":{"rendered":"OAFI i AECOSAR signen acord amb AEEM"},"content":{"rendered":"\n<ul class=\"wp-block-list\">\n<li>Totes dues associacions signen un conveni marc de col\u00b7laboraci\u00f3 amb l&#8217;Associaci\u00f3 Espanyola per a l&#8217;Estudi de la Menopausa.<\/li>\n<\/ul>\n\n\n\n<p>AECOSAR i OAFI han signat un conveni de col\u00b7laboraci\u00f3 amb un col\u00b7lectiu multidisciplinari clau en el diagn\u00f2stic i l&#8217;atenci\u00f3 de la pacient amb patologia osteoarticular, moltes vegades acompanyat d&#8217;altres comorbiditats, com \u00e9s la\u00a0<a href=\"https:\/\/aeem.es\/\" data-type=\"link\" data-id=\"https:\/\/aeem.es\/\" target=\"_blank\" rel=\"noopener\">ASOCIACI\u00d3N ESPA\u00d1OLA PARA EL ESTUDIO DE LA MENOPAUSIA<\/a> (AEEM), amb l&#8217;objectiu d&#8217;establir un marc d&#8217;actuaci\u00f3 per a la col\u00b7laboraci\u00f3 de les parts en el desenvolupament d&#8217;accions d&#8217;inter\u00e8s mutu, dins del camp de la responsabilitat social i l&#8217;\u00e0mbit sanitari, com ara la campanya de <a href=\"https:\/\/www.aecosar.es\/documentos\/\" data-type=\"link\" data-id=\"https:\/\/www.aecosar.es\/documentos\/\" target=\"_blank\" rel=\"noopener\">Prevenci\u00f3 i Diagn\u00f2stic Preco\u00e7<\/a>; o l&#8217;acci\u00f3 d&#8217;\u201c<a href=\"https:\/\/www.oafifoundation.com\/ca\/semergen-y-oafi-juntas-en-oafi-with-you\/\" data-type=\"link\" data-id=\"https:\/\/www.oafifoundation.com\/semergen-y-oafi-juntas-en-oafi-with-you\/\">OAFI Amb Tu<\/a>\u201d, entre altres.<\/p>\n\n\n\n<p><\/p>\n\n\n\n<h2 class=\"wp-block-heading\">Menopausa i l&#8217;artrosi i osteoporosi:<\/h2>\n\n\n\n<p>La menopausa \u00e9s un moment de la vida de la dona caracteritzat pel cessament de la menstruaci\u00f3, i que inicia una etapa de la vida que es coneix com a climateri. Aquesta etapa representa la transici\u00f3 entre el per\u00edode f\u00e8rtil i la vellesa. Tot i no ser una malaltia, provoca, en la majoria de les dones, s\u00edmptomes molestos que alteren la din\u00e0mica social i laboral. La p\u00e8rdua de massa \u00f2ssia, \u00e9s a dir, de la quantitat d&#8217;os que tenim, \u00e9s deguda a la desqualificaci\u00f3 que pateixen els mateixos i que, en el cas de les dones, es veu intensificada per la p\u00e8rdua de l&#8217;acci\u00f3 protectora que les hormones femenines exerceixen sobre ells.<\/p>\n\n\n\n<p>Actualment, se sap que hi ha una relaci\u00f3 important entre la disminuci\u00f3 de la massa \u00f2ssia i el risc de fractures. La detecci\u00f3 preco\u00e7 de la p\u00e8rdua excessiva de la massa \u00f2ssia del nostre cos \u00e9s de l&#8217;\u00fanica manera que podem prevenir l&#8217;aparici\u00f3 de l&#8217;osteoporosi i, per tant, de les fractures.<\/p>\n\n\n\n<p><\/p>\n\n\n\n<p>La FUNDACI\u00d3 INTERNACIONAL OSTEOARTICULAR i l&#8217;Associaci\u00f3 Espanyola amb l&#8217;Osteoporosi i l&#8217;Artrosi s\u00f3n organitzacions sense \u00e0nim de lucre d&#8217;abast nacional i internacional amb seu a Espanya, la principal missi\u00f3 de la qual \u00e9s promoure els drets i les responsabilitats de les persones que pateixen malalties com l&#8217;osteoporosi, l&#8217;artrosi, la sarcop\u00e8nia i altres patologies osteoarticulars.<\/p>\n\n\n\n<p>Recorda que si tens afectaci\u00f3 articular, o coneixes alg\u00fa que la tingui, us animem a que us associeu a OAFI i\/o AECOSAR a trav\u00e9s dels nostres webs o trucant al tel\u00e8fon de contacte: AECOSAR al 914312258, OAFI al 931594015.<br><\/p>\n","protected":false},"excerpt":{"rendered":"<p>AECOSAR i OAFI han signat un conveni de col\u00b7laboraci\u00f3 amb un col\u00b7lectiu multidisciplinari clau en el diagn\u00f2stic i l&#8217;atenci\u00f3 de la pacient amb patologia osteoarticular, moltes vegades acompanyat d&#8217;altres comorbiditats, com \u00e9s la\u00a0ASOCIACI\u00d3N ESPA\u00d1OLA PARA EL ESTUDIO DE LA MENOPAUSIA (AEEM), amb l&#8217;objectiu d&#8217;establir un marc d&#8217;actuaci\u00f3 per a la col\u00b7laboraci\u00f3 de les parts en [&hellip;]<\/p>\n","protected":false},"author":1,"featured_media":39315,"comment_status":"closed","ping_status":"open","sticky":false,"template":"","format":"standard","meta":{"footnotes":""},"categories":[540,1362,549,962,1437,814,959,2143,1569,812,552,728],"tags":[1670,2386,2387],"class_list":["post-39317","post","type-post","status-publish","format-standard","has-post-thumbnail","hentry","category-actualitat","category-aecosar-ca","category-amics-oafi","category-area-pacients","category-artrosi","category-consells-sobre-salut-articular","category-dolor-ca","category-fibromialgia-ca","category-id-ca","category-noticies-oafi","category-recerca","category-sense-categoria","tag-menopausia-ca","tag-menopausia-artrosis-ca","tag-menopausia-osteoporosis-ca"],"_links":{"self":[{"href":"https:\/\/www.oafifoundation.com\/ca\/wp-json\/wp\/v2\/posts\/39317","targetHints":{"allow":["GET"]}}],"collection":[{"href":"https:\/\/www.oafifoundation.com\/ca\/wp-json\/wp\/v2\/posts"}],"about":[{"href":"https:\/\/www.oafifoundation.com\/ca\/wp-json\/wp\/v2\/types\/post"}],"author":[{"embeddable":true,"href":"https:\/\/www.oafifoundation.com\/ca\/wp-json\/wp\/v2\/users\/1"}],"replies":[{"embeddable":true,"href":"https:\/\/www.oafifoundation.com\/ca\/wp-json\/wp\/v2\/comments?post=39317"}],"version-history":[{"count":4,"href":"https:\/\/www.oafifoundation.com\/ca\/wp-json\/wp\/v2\/posts\/39317\/revisions"}],"predecessor-version":[{"id":41482,"href":"https:\/\/www.oafifoundation.com\/ca\/wp-json\/wp\/v2\/posts\/39317\/revisions\/41482"}],"wp:featuredmedia":[{"embeddable":true,"href":"https:\/\/www.oafifoundation.com\/ca\/wp-json\/wp\/v2\/media\/39315"}],"wp:attachment":[{"href":"https:\/\/www.oafifoundation.com\/ca\/wp-json\/wp\/v2\/media?parent=39317"}],"wp:term":[{"taxonomy":"category","embeddable":true,"href":"https:\/\/www.oafifoundation.com\/ca\/wp-json\/wp\/v2\/categories?post=39317"},{"taxonomy":"post_tag","embeddable":true,"href":"https:\/\/www.oafifoundation.com\/ca\/wp-json\/wp\/v2\/tags?post=39317"}],"curies":[{"name":"wp","href":"https:\/\/api.w.org\/{rel}","templated":true}]}}